{"id":17752,"date":"2025-09-09T15:34:30","date_gmt":"2025-09-09T19:34:30","guid":{"rendered":"https:\/\/web.madretierra.gob.bo\/?post_type=nota_prensa&#038;p=17752"},"modified":"2025-09-09T15:34:30","modified_gmt":"2025-09-09T19:34:30","slug":"delegacion-boliviana-presento-su-posicion-en-la-conferencia-de-las-naciones-unidas-sobre-el-cambio-climatico-cop27","status":"publish","type":"nota_prensa","link":"https:\/\/web.madretierra.gob.bo\/index.php\/nota_prensa\/delegacion-boliviana-presento-su-posicion-en-la-conferencia-de-las-naciones-unidas-sobre-el-cambio-climatico-cop27\/","title":{"rendered":"Delegaci\u00f3n boliviana presento su posici\u00f3n en la Conferencia de las Naciones Unidas sobre el Cambio Clim\u00e1tico COP27"},"featured_media":17753,"template":"","class_list":["post-17752","nota_prensa","type-nota_prensa","status-publish","has-post-thumbnail","hentry"],"acf":[],"_links":{"self":[{"href":"https:\/\/web.madretierra.gob.bo\/index.php\/wp-json\/wp\/v2\/nota_prensa\/17752","targetHints":{"allow":["GET"]}}],"collection":[{"href":"https:\/\/web.madretierra.gob.bo\/index.php\/wp-json\/wp\/v2\/nota_prensa"}],"about":[{"href":"https:\/\/web.madretierra.gob.bo\/index.php\/wp-json\/wp\/v2\/types\/nota_prensa"}],"wp:featuredmedia":[{"embeddable":true,"href":"https:\/\/web.madretierra.gob.bo\/index.php\/wp-json\/wp\/v2\/media\/17753"}],"wp:attachment":[{"href":"https:\/\/web.madretierra.gob.bo\/index.php\/wp-json\/wp\/v2\/media?parent=17752"}],"curies":[{"name":"wp","href":"https:\/\/api.w.org\/{rel}","templated":true}]}}