{"id":17761,"date":"2025-09-09T15:41:18","date_gmt":"2025-09-09T19:41:18","guid":{"rendered":"https:\/\/web.madretierra.gob.bo\/?post_type=nota_prensa&#038;p=17761"},"modified":"2025-09-09T15:41:18","modified_gmt":"2025-09-09T19:41:18","slug":"la-autoridad-plurinacional-de-la-madre-tierra-realizo-la-entrego-3-camiones-a-pueblos-indigenas-de-la-amazonia-refaccion-y-ampliacion-de-oficinas-a-la-cirabo","status":"publish","type":"nota_prensa","link":"https:\/\/web.madretierra.gob.bo\/index.php\/nota_prensa\/la-autoridad-plurinacional-de-la-madre-tierra-realizo-la-entrego-3-camiones-a-pueblos-indigenas-de-la-amazonia-refaccion-y-ampliacion-de-oficinas-a-la-cirabo\/","title":{"rendered":"LA AUTORIDAD PLURINACIONAL DE LA MADRE TIERRA REALIZO LA ENTREG\u00d3 3 CAMIONES A PUEBLOS IND\u00cdGENAS DE LA AMAZ\u00d3NIA, REFACCION Y AMPLIACION DE OFICINAS A LA CIRABO"},"featured_media":17759,"template":"","class_list":["post-17761","nota_prensa","type-nota_prensa","status-publish","has-post-thumbnail","hentry"],"acf":[],"_links":{"self":[{"href":"https:\/\/web.madretierra.gob.bo\/index.php\/wp-json\/wp\/v2\/nota_prensa\/17761","targetHints":{"allow":["GET"]}}],"collection":[{"href":"https:\/\/web.madretierra.gob.bo\/index.php\/wp-json\/wp\/v2\/nota_prensa"}],"about":[{"href":"https:\/\/web.madretierra.gob.bo\/index.php\/wp-json\/wp\/v2\/types\/nota_prensa"}],"wp:featuredmedia":[{"embeddable":true,"href":"https:\/\/web.madretierra.gob.bo\/index.php\/wp-json\/wp\/v2\/media\/17759"}],"wp:attachment":[{"href":"https:\/\/web.madretierra.gob.bo\/index.php\/wp-json\/wp\/v2\/media?parent=17761"}],"curies":[{"name":"wp","href":"https:\/\/api.w.org\/{rel}","templated":true}]}}